{"id":62,"date":"2018-03-15T06:30:28","date_gmt":"2018-03-15T04:30:28","guid":{"rendered":"http:\/\/liminka-mtb.fi\/?p=62"},"modified":"2018-03-15T06:30:28","modified_gmt":"2018-03-15T04:30:28","slug":"liikuntaedut","status":"publish","type":"post","link":"http:\/\/nutsmtb.fi\/fi\/2018\/03\/15\/liikuntaedut\/","title":{"rendered":"Mukaan liikuntaeduilla (Smartum, ePassi) Liminka MTB:lle"},"content":{"rendered":"<p>Voit ilmoittautua Liminka MTB:le Smartum seteleill\u00e4 ja -saldolla sek\u00e4 ePassin Sportti &amp; Kulttuuri. Valitettavasti rajallisten kykyjemme vuoksi muut setelit tai s\u00e4hk\u00f6iset saldot eiv\u00e4t ole tuettuja.<\/p>\n<p>Lunastat ensin seteleit\u00e4, saldoja ym. vastaan voucher koodin. Teet ilmoittautumisen normaalisti, ja ilmoittautumislomakkeen lopussa annat saamasi voucherkoodin.<\/p>\n<p>Huomaa n\u00e4m\u00e4 asiat:<\/p>\n<p>[su_list icon=&#8221;icon: thumbs-up&#8221; icon_color=&#8221;#54a845&#8243;]<\/p>\n<ul>\n<li>Liikuntaetu on henkil\u00f6kohtainen. Et voi maksaa toisen nimiin ilmoittautumista tai siirt\u00e4\u00e4 ilmoittautumista toisen nimiin. <a href=\"https:\/\/www.vero.fi\/fi-FI\/Syventavat_veroohjeet\/Elinkeinoverotus\/Tyontekijan_omaehtoinen_liikunta_ja_kult\">Veronalle ei tykk\u00e4\u00e4 t\u00e4st\u00e4<\/a>. Ja yll\u00e4ripyll\u00e4ri, me ei tyk\u00e4t\u00e4 jos veronallen nuttu alkaa hikoontumaan, joten h\u00e4\u00e4r\u00e4t\u00e4\u00e4n siivosti.<\/li>\n<li>Voit maksaa liikuntaeduilla vain osallistumismaksun. Mahdolliset lis\u00e4palvelut ilmoittautumisessa voit maksaa verkkomaksuna.<\/li>\n<\/ul>\n<p>[\/su_list]<\/p>\n<h2>Smartum setelit<\/h2>\n<p>[su_list icon=&#8221;icon: thumbs-up&#8221; icon_color=&#8221;#54a845&#8243;]<\/p>\n<ul>\n<li>L\u00e4het\u00e4t setelit mielle. Ota yhteytt\u00e4 info@nuts.fi ja kerromme sinulle l\u00e4hetysosoitteen sek\u00e4 saamme samalla spostiosoitteesi talteen voucherin toimittamista varten \ud83d\ude09<\/li>\n<li>Vastaanotettuamme setelit l\u00e4het\u00e4mme s\u00e4hk\u00f6postiisi voucher koodin ilmoittautumisen kuittaamiseen.<\/li>\n<\/ul>\n<p>[\/su_list]<\/p>\n<h2>Smartum saldo Polkuapissa<\/h2>\n<p>Smartum saldolla lunastat etuk\u00e4teen meilt\u00e4 voucherin, jolla kuittaat varsinaisen ilmoittautumisen:<\/p>\n<p>[su_list icon=&#8221;icon: thumbs-up&#8221; icon_color=&#8221;#54a845&#8243;]<\/p>\n<ul>\n<li>Smartum saldolle l\u00f6yd\u00e4t\u00a0<a href=\"https:\/\/polkuapp.com\/venues\/8319\">matkakohtaiset verkkomaksutuotteet<\/a>. Polkuapp l\u00e4hett\u00e4\u00e4 meille viestin maksusuorituksestasi<\/li>\n<li>L\u00e4het\u00e4mme sinulle voucher koodin Polkuapin kertomaan s\u00e4hk\u00f6postiosoitteeseen.<\/li>\n<\/ul>\n<p>[\/su_list]<\/p>\n<h2>ePassin SporttiPassi<\/h2>\n<p>ePassilla maksaessasi lunastat etuk\u00e4teen voucherin, jolla kuittaat varsinaisen ilmoittautumisen:<\/p>\n<p>[su_list icon=&#8221;icon: thumbs-up&#8221; icon_color=&#8221;#54a845&#8243;]<\/p>\n<ul>\n<li>Ilmoita ePassiin liitetty puhelinnumero sek\u00e4 matka\u00a0<a href=\"mailto:info@nuts.fi\">info@nuts.fi<\/a>\u00a0osoitteeseen.<\/li>\n<li>Toimitamme voucher koodin tehty\u00e4mme veloituksen.<\/li>\n<\/ul>\n<p>[\/su_list]<\/p>\n","protected":false},"excerpt":{"rendered":"<p>Voit ilmoittautua Liminka MTB:le Smartum seteleill\u00e4 ja -saldolla sek\u00e4 ePassin Sportti &amp; Kulttuuri. Valitettavasti rajallisten kykyjemme vuoksi muut setelit tai s\u00e4hk\u00f6iset saldot eiv\u00e4t ole tuettuja. Lunastat ensin seteleit\u00e4, saldoja ym. vastaan voucher koodin. Teet ilmoittautumisen normaalisti, ja ilmoittautumislomakkeen lopussa annat saamasi voucherkoodin. Huomaa n\u00e4m\u00e4 asiat: [su_list icon=&#8221;icon: thumbs-up&#8221; icon_color=&#8221;#54a845&#8243;] Liikuntaetu on henkil\u00f6kohtainen. Et voi maksaa&#8230;<\/p>\n","protected":false},"author":1,"featured_media":64,"comment_status":"closed","ping_status":"closed","sticky":false,"template":"","format":"standard","meta":{"_kad_blocks_custom_css":"","_kad_blocks_head_custom_js":"","_kad_blocks_body_custom_js":"","_kad_blocks_footer_custom_js":"","_kad_post_transparent":"","_kad_post_title":"","_kad_post_layout":"","_kad_post_sidebar_id":"","_kad_post_content_style":"","_kad_post_vertical_padding":"","_kad_post_feature":"","_kad_post_feature_position":"","_kad_post_header":false,"_kad_post_footer":false,"_kad_post_classname":"","footnotes":""},"categories":[5],"tags":[],"class_list":["post-62","post","type-post","status-publish","format-standard","has-post-thumbnail","hentry","category-ajankohtaista"],"yoast_head":"<!-- This site is optimized with the Yoast SEO plugin v26.8 - https:\/\/yoast.com\/product\/yoast-seo-wordpress\/ -->\n<title>Mukaan liikuntaeduilla (Smartum, ePassi) Liminka MTB:lle - NUTS MTB Yll\u00e4s\u2013Levi<\/title>\n<meta name=\"robots\" content=\"index, follow, max-snippet:-1, max-image-preview:large, max-video-preview:-1\" \/>\n<link rel=\"canonical\" href=\"http:\/\/nutsmtb.fi\/fi\/2018\/03\/15\/liikuntaedut\/\" \/>\n<meta property=\"og:locale\" content=\"fi_FI\" \/>\n<meta property=\"og:type\" content=\"article\" \/>\n<meta property=\"og:title\" content=\"Mukaan liikuntaeduilla (Smartum, ePassi) Liminka MTB:lle - NUTS MTB Yll\u00e4s\u2013Levi\" \/>\n<meta property=\"og:description\" content=\"Voit ilmoittautua Liminka MTB:le Smartum seteleill\u00e4 ja -saldolla sek\u00e4 ePassin Sportti &amp; Kulttuuri. Valitettavasti rajallisten kykyjemme vuoksi muut setelit tai s\u00e4hk\u00f6iset saldot eiv\u00e4t ole tuettuja. Lunastat ensin seteleit\u00e4, saldoja ym. vastaan voucher koodin. Teet ilmoittautumisen normaalisti, ja ilmoittautumislomakkeen lopussa annat saamasi voucherkoodin. Huomaa n\u00e4m\u00e4 asiat: [su_list icon=&#8221;icon: thumbs-up&#8221; icon_color=&#8221;#54a845&#8243;] Liikuntaetu on henkil\u00f6kohtainen. Et voi maksaa...\" \/>\n<meta property=\"og:url\" content=\"http:\/\/nutsmtb.fi\/fi\/2018\/03\/15\/liikuntaedut\/\" \/>\n<meta property=\"og:site_name\" content=\"NUTS MTB Yll\u00e4s\u2013Levi\" \/>\n<meta property=\"article:published_time\" content=\"2018-03-15T04:30:28+00:00\" \/>\n<meta property=\"og:image\" content=\"http:\/\/media.nuts.fi\/wp-content\/uploads\/sites\/4\/2018\/03\/28141308\/liikuntaedut.jpg\" \/>\n\t<meta property=\"og:image:width\" content=\"2048\" \/>\n\t<meta property=\"og:image:height\" content=\"1152\" \/>\n\t<meta property=\"og:image:type\" content=\"image\/jpeg\" \/>\n<meta name=\"author\" content=\"NUTS\" \/>\n<meta name=\"twitter:card\" content=\"summary_large_image\" \/>\n<meta name=\"twitter:label1\" content=\"Kirjoittanut\" \/>\n\t<meta name=\"twitter:data1\" content=\"NUTS\" \/>\n\t<meta name=\"twitter:label2\" content=\"Arvioitu lukuaika\" \/>\n\t<meta name=\"twitter:data2\" content=\"1 minuutti\" \/>\n<script type=\"application\/ld+json\" class=\"yoast-schema-graph\">{\"@context\":\"https:\/\/schema.org\",\"@graph\":[{\"@type\":\"Article\",\"@id\":\"http:\/\/nutsmtb.fi\/fi\/2018\/03\/15\/liikuntaedut\/#article\",\"isPartOf\":{\"@id\":\"http:\/\/nutsmtb.fi\/fi\/2018\/03\/15\/liikuntaedut\/\"},\"author\":{\"name\":\"NUTS\",\"@id\":\"https:\/\/nutsmtb.fi\/fi\/#\/schema\/person\/95c87289953a983a3a6257528ee7e4c9\"},\"headline\":\"Mukaan liikuntaeduilla (Smartum, ePassi) Liminka MTB:lle\",\"datePublished\":\"2018-03-15T04:30:28+00:00\",\"mainEntityOfPage\":{\"@id\":\"http:\/\/nutsmtb.fi\/fi\/2018\/03\/15\/liikuntaedut\/\"},\"wordCount\":251,\"publisher\":{\"@id\":\"https:\/\/nutsmtb.fi\/fi\/#organization\"},\"image\":{\"@id\":\"http:\/\/nutsmtb.fi\/fi\/2018\/03\/15\/liikuntaedut\/#primaryimage\"},\"thumbnailUrl\":\"http:\/\/media.nuts.fi\/wp-content\/uploads\/sites\/4\/2018\/03\/28141308\/liikuntaedut.jpg\",\"articleSection\":[\"Ajankohtaista\"],\"inLanguage\":\"fi\"},{\"@type\":\"WebPage\",\"@id\":\"http:\/\/nutsmtb.fi\/fi\/2018\/03\/15\/liikuntaedut\/\",\"url\":\"http:\/\/nutsmtb.fi\/fi\/2018\/03\/15\/liikuntaedut\/\",\"name\":\"Mukaan liikuntaeduilla (Smartum, ePassi) Liminka MTB:lle - NUTS MTB Yll\u00e4s\u2013Levi\",\"isPartOf\":{\"@id\":\"https:\/\/nutsmtb.fi\/fi\/#website\"},\"primaryImageOfPage\":{\"@id\":\"http:\/\/nutsmtb.fi\/fi\/2018\/03\/15\/liikuntaedut\/#primaryimage\"},\"image\":{\"@id\":\"http:\/\/nutsmtb.fi\/fi\/2018\/03\/15\/liikuntaedut\/#primaryimage\"},\"thumbnailUrl\":\"http:\/\/media.nuts.fi\/wp-content\/uploads\/sites\/4\/2018\/03\/28141308\/liikuntaedut.jpg\",\"datePublished\":\"2018-03-15T04:30:28+00:00\",\"breadcrumb\":{\"@id\":\"http:\/\/nutsmtb.fi\/fi\/2018\/03\/15\/liikuntaedut\/#breadcrumb\"},\"inLanguage\":\"fi\",\"potentialAction\":[{\"@type\":\"ReadAction\",\"target\":[\"http:\/\/nutsmtb.fi\/fi\/2018\/03\/15\/liikuntaedut\/\"]}]},{\"@type\":\"ImageObject\",\"inLanguage\":\"fi\",\"@id\":\"http:\/\/nutsmtb.fi\/fi\/2018\/03\/15\/liikuntaedut\/#primaryimage\",\"url\":\"http:\/\/media.nuts.fi\/wp-content\/uploads\/sites\/4\/2018\/03\/28141308\/liikuntaedut.jpg\",\"contentUrl\":\"http:\/\/media.nuts.fi\/wp-content\/uploads\/sites\/4\/2018\/03\/28141308\/liikuntaedut.jpg\",\"width\":2048,\"height\":1152},{\"@type\":\"BreadcrumbList\",\"@id\":\"http:\/\/nutsmtb.fi\/fi\/2018\/03\/15\/liikuntaedut\/#breadcrumb\",\"itemListElement\":[{\"@type\":\"ListItem\",\"position\":1,\"name\":\"Etusivu\",\"item\":\"http:\/\/nutsmtb.fi\/fi\/\"},{\"@type\":\"ListItem\",\"position\":2,\"name\":\"Mukaan liikuntaeduilla (Smartum, ePassi) Liminka MTB:lle\"}]},{\"@type\":\"WebSite\",\"@id\":\"https:\/\/nutsmtb.fi\/fi\/#website\",\"url\":\"https:\/\/nutsmtb.fi\/fi\/\",\"name\":\"NUTS MTB Yll\u00e4s\u2013Levi\",\"description\":\"Hauskin maastopy\u00f6r\u00e4tapahtuma tuntureilla!\",\"publisher\":{\"@id\":\"https:\/\/nutsmtb.fi\/fi\/#organization\"},\"potentialAction\":[{\"@type\":\"SearchAction\",\"target\":{\"@type\":\"EntryPoint\",\"urlTemplate\":\"https:\/\/nutsmtb.fi\/fi\/?s={search_term_string}\"},\"query-input\":{\"@type\":\"PropertyValueSpecification\",\"valueRequired\":true,\"valueName\":\"search_term_string\"}}],\"inLanguage\":\"fi\"},{\"@type\":\"Organization\",\"@id\":\"https:\/\/nutsmtb.fi\/fi\/#organization\",\"name\":\"NUTS MTB Yll\u00e4s\u2013Levi\",\"url\":\"https:\/\/nutsmtb.fi\/fi\/\",\"logo\":{\"@type\":\"ImageObject\",\"inLanguage\":\"fi\",\"@id\":\"https:\/\/nutsmtb.fi\/fi\/#\/schema\/logo\/image\/\",\"url\":\"http:\/\/media.nuts.fi\/wp-content\/uploads\/sites\/4\/2020\/12\/28141258\/nuts-mtb-150px.png\",\"contentUrl\":\"http:\/\/media.nuts.fi\/wp-content\/uploads\/sites\/4\/2020\/12\/28141258\/nuts-mtb-150px.png\",\"width\":150,\"height\":150,\"caption\":\"NUTS MTB Yll\u00e4s\u2013Levi\"},\"image\":{\"@id\":\"https:\/\/nutsmtb.fi\/fi\/#\/schema\/logo\/image\/\"}},{\"@type\":\"Person\",\"@id\":\"https:\/\/nutsmtb.fi\/fi\/#\/schema\/person\/95c87289953a983a3a6257528ee7e4c9\",\"name\":\"NUTS\",\"image\":{\"@type\":\"ImageObject\",\"inLanguage\":\"fi\",\"@id\":\"https:\/\/nutsmtb.fi\/fi\/#\/schema\/person\/image\/\",\"url\":\"https:\/\/secure.gravatar.com\/avatar\/8104e6d671944df486a56f083bf92965722675daa2473ec9ce8b31793718ca52?s=96&d=mm&r=g\",\"contentUrl\":\"https:\/\/secure.gravatar.com\/avatar\/8104e6d671944df486a56f083bf92965722675daa2473ec9ce8b31793718ca52?s=96&d=mm&r=g\",\"caption\":\"NUTS\"},\"sameAs\":[\"http:\/\/2025.perusmatka.fi\"],\"url\":\"http:\/\/nutsmtb.fi\/fi\/author\/user\/\"}]}<\/script>\n<!-- \/ Yoast SEO plugin. -->","yoast_head_json":{"title":"Mukaan liikuntaeduilla (Smartum, ePassi) Liminka MTB:lle - NUTS MTB Yll\u00e4s\u2013Levi","robots":{"index":"index","follow":"follow","max-snippet":"max-snippet:-1","max-image-preview":"max-image-preview:large","max-video-preview":"max-video-preview:-1"},"canonical":"http:\/\/nutsmtb.fi\/fi\/2018\/03\/15\/liikuntaedut\/","og_locale":"fi_FI","og_type":"article","og_title":"Mukaan liikuntaeduilla (Smartum, ePassi) Liminka MTB:lle - NUTS MTB Yll\u00e4s\u2013Levi","og_description":"Voit ilmoittautua Liminka MTB:le Smartum seteleill\u00e4 ja -saldolla sek\u00e4 ePassin Sportti &amp; Kulttuuri. Valitettavasti rajallisten kykyjemme vuoksi muut setelit tai s\u00e4hk\u00f6iset saldot eiv\u00e4t ole tuettuja. Lunastat ensin seteleit\u00e4, saldoja ym. vastaan voucher koodin. Teet ilmoittautumisen normaalisti, ja ilmoittautumislomakkeen lopussa annat saamasi voucherkoodin. Huomaa n\u00e4m\u00e4 asiat: [su_list icon=&#8221;icon: thumbs-up&#8221; icon_color=&#8221;#54a845&#8243;] Liikuntaetu on henkil\u00f6kohtainen. Et voi maksaa...","og_url":"http:\/\/nutsmtb.fi\/fi\/2018\/03\/15\/liikuntaedut\/","og_site_name":"NUTS MTB Yll\u00e4s\u2013Levi","article_published_time":"2018-03-15T04:30:28+00:00","og_image":[{"width":2048,"height":1152,"url":"http:\/\/media.nuts.fi\/wp-content\/uploads\/sites\/4\/2018\/03\/28141308\/liikuntaedut.jpg","type":"image\/jpeg"}],"author":"NUTS","twitter_card":"summary_large_image","twitter_misc":{"Kirjoittanut":"NUTS","Arvioitu lukuaika":"1 minuutti"},"schema":{"@context":"https:\/\/schema.org","@graph":[{"@type":"Article","@id":"http:\/\/nutsmtb.fi\/fi\/2018\/03\/15\/liikuntaedut\/#article","isPartOf":{"@id":"http:\/\/nutsmtb.fi\/fi\/2018\/03\/15\/liikuntaedut\/"},"author":{"name":"NUTS","@id":"https:\/\/nutsmtb.fi\/fi\/#\/schema\/person\/95c87289953a983a3a6257528ee7e4c9"},"headline":"Mukaan liikuntaeduilla (Smartum, ePassi) Liminka MTB:lle","datePublished":"2018-03-15T04:30:28+00:00","mainEntityOfPage":{"@id":"http:\/\/nutsmtb.fi\/fi\/2018\/03\/15\/liikuntaedut\/"},"wordCount":251,"publisher":{"@id":"https:\/\/nutsmtb.fi\/fi\/#organization"},"image":{"@id":"http:\/\/nutsmtb.fi\/fi\/2018\/03\/15\/liikuntaedut\/#primaryimage"},"thumbnailUrl":"http:\/\/media.nuts.fi\/wp-content\/uploads\/sites\/4\/2018\/03\/28141308\/liikuntaedut.jpg","articleSection":["Ajankohtaista"],"inLanguage":"fi"},{"@type":"WebPage","@id":"http:\/\/nutsmtb.fi\/fi\/2018\/03\/15\/liikuntaedut\/","url":"http:\/\/nutsmtb.fi\/fi\/2018\/03\/15\/liikuntaedut\/","name":"Mukaan liikuntaeduilla (Smartum, ePassi) Liminka MTB:lle - NUTS MTB Yll\u00e4s\u2013Levi","isPartOf":{"@id":"https:\/\/nutsmtb.fi\/fi\/#website"},"primaryImageOfPage":{"@id":"http:\/\/nutsmtb.fi\/fi\/2018\/03\/15\/liikuntaedut\/#primaryimage"},"image":{"@id":"http:\/\/nutsmtb.fi\/fi\/2018\/03\/15\/liikuntaedut\/#primaryimage"},"thumbnailUrl":"http:\/\/media.nuts.fi\/wp-content\/uploads\/sites\/4\/2018\/03\/28141308\/liikuntaedut.jpg","datePublished":"2018-03-15T04:30:28+00:00","breadcrumb":{"@id":"http:\/\/nutsmtb.fi\/fi\/2018\/03\/15\/liikuntaedut\/#breadcrumb"},"inLanguage":"fi","potentialAction":[{"@type":"ReadAction","target":["http:\/\/nutsmtb.fi\/fi\/2018\/03\/15\/liikuntaedut\/"]}]},{"@type":"ImageObject","inLanguage":"fi","@id":"http:\/\/nutsmtb.fi\/fi\/2018\/03\/15\/liikuntaedut\/#primaryimage","url":"http:\/\/media.nuts.fi\/wp-content\/uploads\/sites\/4\/2018\/03\/28141308\/liikuntaedut.jpg","contentUrl":"http:\/\/media.nuts.fi\/wp-content\/uploads\/sites\/4\/2018\/03\/28141308\/liikuntaedut.jpg","width":2048,"height":1152},{"@type":"BreadcrumbList","@id":"http:\/\/nutsmtb.fi\/fi\/2018\/03\/15\/liikuntaedut\/#breadcrumb","itemListElement":[{"@type":"ListItem","position":1,"name":"Etusivu","item":"http:\/\/nutsmtb.fi\/fi\/"},{"@type":"ListItem","position":2,"name":"Mukaan liikuntaeduilla (Smartum, ePassi) Liminka MTB:lle"}]},{"@type":"WebSite","@id":"https:\/\/nutsmtb.fi\/fi\/#website","url":"https:\/\/nutsmtb.fi\/fi\/","name":"NUTS MTB Yll\u00e4s\u2013Levi","description":"Hauskin maastopy\u00f6r\u00e4tapahtuma tuntureilla!","publisher":{"@id":"https:\/\/nutsmtb.fi\/fi\/#organization"},"potentialAction":[{"@type":"SearchAction","target":{"@type":"EntryPoint","urlTemplate":"https:\/\/nutsmtb.fi\/fi\/?s={search_term_string}"},"query-input":{"@type":"PropertyValueSpecification","valueRequired":true,"valueName":"search_term_string"}}],"inLanguage":"fi"},{"@type":"Organization","@id":"https:\/\/nutsmtb.fi\/fi\/#organization","name":"NUTS MTB Yll\u00e4s\u2013Levi","url":"https:\/\/nutsmtb.fi\/fi\/","logo":{"@type":"ImageObject","inLanguage":"fi","@id":"https:\/\/nutsmtb.fi\/fi\/#\/schema\/logo\/image\/","url":"http:\/\/media.nuts.fi\/wp-content\/uploads\/sites\/4\/2020\/12\/28141258\/nuts-mtb-150px.png","contentUrl":"http:\/\/media.nuts.fi\/wp-content\/uploads\/sites\/4\/2020\/12\/28141258\/nuts-mtb-150px.png","width":150,"height":150,"caption":"NUTS MTB Yll\u00e4s\u2013Levi"},"image":{"@id":"https:\/\/nutsmtb.fi\/fi\/#\/schema\/logo\/image\/"}},{"@type":"Person","@id":"https:\/\/nutsmtb.fi\/fi\/#\/schema\/person\/95c87289953a983a3a6257528ee7e4c9","name":"NUTS","image":{"@type":"ImageObject","inLanguage":"fi","@id":"https:\/\/nutsmtb.fi\/fi\/#\/schema\/person\/image\/","url":"https:\/\/secure.gravatar.com\/avatar\/8104e6d671944df486a56f083bf92965722675daa2473ec9ce8b31793718ca52?s=96&d=mm&r=g","contentUrl":"https:\/\/secure.gravatar.com\/avatar\/8104e6d671944df486a56f083bf92965722675daa2473ec9ce8b31793718ca52?s=96&d=mm&r=g","caption":"NUTS"},"sameAs":["http:\/\/2025.perusmatka.fi"],"url":"http:\/\/nutsmtb.fi\/fi\/author\/user\/"}]}},"taxonomy_info":{"category":[{"value":5,"label":"Ajankohtaista"}]},"featured_image_src_large":["http:\/\/media.nuts.fi\/wp-content\/uploads\/sites\/4\/2018\/03\/28141308\/liikuntaedut-1024x576.jpg",1024,576,true],"author_info":{"display_name":"NUTS","author_link":"http:\/\/nutsmtb.fi\/fi\/author\/user\/"},"comment_info":0,"category_info":[{"term_id":5,"name":"Ajankohtaista","slug":"ajankohtaista","term_group":0,"term_taxonomy_id":5,"taxonomy":"category","description":"","parent":0,"count":2,"filter":"raw","cat_ID":5,"category_count":2,"category_description":"","cat_name":"Ajankohtaista","category_nicename":"ajankohtaista","category_parent":0}],"tag_info":false,"_links":{"self":[{"href":"http:\/\/nutsmtb.fi\/fi\/wp-json\/wp\/v2\/posts\/62","targetHints":{"allow":["GET"]}}],"collection":[{"href":"http:\/\/nutsmtb.fi\/fi\/wp-json\/wp\/v2\/posts"}],"about":[{"href":"http:\/\/nutsmtb.fi\/fi\/wp-json\/wp\/v2\/types\/post"}],"author":[{"embeddable":true,"href":"http:\/\/nutsmtb.fi\/fi\/wp-json\/wp\/v2\/users\/1"}],"replies":[{"embeddable":true,"href":"http:\/\/nutsmtb.fi\/fi\/wp-json\/wp\/v2\/comments?post=62"}],"version-history":[{"count":0,"href":"http:\/\/nutsmtb.fi\/fi\/wp-json\/wp\/v2\/posts\/62\/revisions"}],"wp:featuredmedia":[{"embeddable":true,"href":"http:\/\/nutsmtb.fi\/fi\/wp-json\/wp\/v2\/media\/64"}],"wp:attachment":[{"href":"http:\/\/nutsmtb.fi\/fi\/wp-json\/wp\/v2\/media?parent=62"}],"wp:term":[{"taxonomy":"category","embeddable":true,"href":"http:\/\/nutsmtb.fi\/fi\/wp-json\/wp\/v2\/categories?post=62"},{"taxonomy":"post_tag","embeddable":true,"href":"http:\/\/nutsmtb.fi\/fi\/wp-json\/wp\/v2\/tags?post=62"}],"curies":[{"name":"wp","href":"https:\/\/api.w.org\/{rel}","templated":true}]}}